{"id":28255,"date":"2022-03-09T10:53:20","date_gmt":"2022-03-09T10:53:20","guid":{"rendered":"https:\/\/pertesa.com\/?p=28255"},"modified":"2022-03-10T13:28:44","modified_gmt":"2022-03-10T13:28:44","slug":"sicur-2022-le-reference-en-securite","status":"publish","type":"post","link":"https:\/\/pertesa.com\/fr\/sicur-2022-le-reference-en-securite\/","title":{"rendered":"SICUR 2022 : Le r\u00e9f\u00e9rence en s\u00e9curit\u00e9"},"content":{"rendered":"<div class=\"wpb-content-wrapper\"><p>[vc_row css=\u00a0\u00bb.vc_custom_1584358396879{margin-top: -20px !important;}\u00a0\u00bb][vc_column][vc_column_text]<\/p>\n<h1 style=\"text-align: left;\">SICUR 2022 : Le r\u00e9f\u00e9rence en s\u00e9curit\u00e9<\/h1>\n<p>[\/vc_column_text][\/vc_column][\/vc_row][vc_row][vc_column][vc_column_text]Il y a quelques jours, le salon international de la s\u00e9curit\u00e9, <a href=\"https:\/\/www.ifema.es\/sicur\" target=\"_blank\" rel=\"noopener noreferrer\">SICUR 2022<\/a>, s&rsquo;est tenu \u00e0 l&rsquo;IFEMA (Madrid). Cette \u00e9dition a rev\u00eatu une importance particuli\u00e8re puisque, depuis la pand\u00e9mie c\u2019est la premi\u00e8re fois que le format en personne a \u00e9t\u00e9 r\u00e9tabli.<\/p>\n<p>Ce fut un plaisir de nous rencontrer avec les fournisseurs et d&rsquo;apprendre directement toutes les innovations, solutions et services en mati\u00e8re de pr\u00e9vention des risques, de protection des biens et des personnes dans le domaine de la cybers\u00e9curit\u00e9, de la s\u00e9curit\u00e9 incendie et d&rsquo;urgence et de la s\u00e9curit\u00e9 au travail.<br \/>\n[\/vc_column_text][\/vc_column][\/vc_row][vc_row css=\u00a0\u00bb.vc_custom_1639043445140{padding-left: 20px !important;}\u00a0\u00bb][vc_column][vc_column_text]<\/p>\n<h3>Security<\/h3>\n<p>Dans cet endroit, nous nous sommes familiaris\u00e9s avec les nouveaux syst\u00e8mes intelligents de contr\u00f4le d&rsquo;acc\u00e8s, d&rsquo;alarmes, de vid\u00e9osurveillance, de protection du p\u00e9rim\u00e8tre et de d\u00e9tection des intrusions. Nous avons \u00e9galement eu l&rsquo;occasion de voir le fonctionnement des solutions sp\u00e9ciales pour le secteur de la s\u00e9curit\u00e9, des portes blind\u00e9es, des serrures pouvant \u00eatre g\u00e9r\u00e9es \u00e0 distance par t\u00e9l\u00e9phone portable, et des solutions biom\u00e9triques performantes capables de d\u00e9tecter plusieurs visages en m\u00eame temps, avec d\u00e9tection de masque et mesure de la temp\u00e9rature corporelle.[\/vc_column_text][\/vc_column][\/vc_row][vc_row css=\u00a0\u00bb.vc_custom_1627472166688{margin-top: 20px !important;margin-right: 40px !important;margin-left: 30px !important;}\u00a0\u00bb][vc_column css_animation=\u00a0\u00bbnone\u00a0\u00bb width=\u00a0\u00bb1\/2&Prime;][vc_single_image image=\u00a0\u00bb28262&Prime; img_size=\u00a0\u00bbmedium\u00a0\u00bb alignment=\u00a0\u00bbcenter\u00a0\u00bb style=\u00a0\u00bbvc_box_shadow\u00a0\u00bb][\/vc_column][vc_column width=\u00a0\u00bb1\/2&Prime;][vc_single_image image=\u00a0\u00bb28265&Prime; img_size=\u00a0\u00bbmedium\u00a0\u00bb alignment=\u00a0\u00bbcenter\u00a0\u00bb style=\u00a0\u00bbvc_box_shadow\u00a0\u00bb][\/vc_column][\/vc_row][vc_row css=\u00a0\u00bb.vc_custom_1627472142277{margin-top: -20px !important;}\u00a0\u00bb][vc_column css_animation=\u00a0\u00bbnone\u00a0\u00bb][vc_column_text]<\/p>\n<p style=\"text-align: center;\"><em>Installations \u00e0 l&rsquo;IFEMA.<\/em><\/p>\n<p>[\/vc_column_text][\/vc_column][\/vc_row][vc_row css=\u00a0\u00bb.vc_custom_1639043445140{padding-left: 20px !important;}\u00a0\u00bb][vc_column][vc_column_text]<\/p>\n<h3>S\u00e9curit\u00e9 en cas d&rsquo;incendie et d&rsquo;urgence<\/h3>\n<p>Dans cette section, nous avons particuli\u00e8rement int\u00e9ress\u00e9 aux derniers d\u00e9veloppements sur \u00e9mulseurs anti-incendie et sur une gamme de motopompes sp\u00e9cialement indiqu\u00e9s pour les feux de for\u00eat. Nous avons \u00e9galement examin\u00e9 les importantes am\u00e9liorations apport\u00e9es \u00e0 la connectivit\u00e9 des centrales de d\u00e9tection incendie.[\/vc_column_text][\/vc_column][\/vc_row][vc_row css_animation=\u00a0\u00bbfadeInLeft\u00a0\u00bb][vc_column width=\u00a0\u00bb1\/6&Prime;][\/vc_column][vc_column width=\u00a0\u00bb5\/6&Prime;][vc_empty_space height=\u00a0\u00bb20px\u00a0\u00bb]<div   class=\"gem-quote gem-quote-style-2\" ><blockquote  >\u00ab\u00a0&#8230;cette foire offre une occasion unique de s&rsquo;informer des nouveaux d\u00e9veloppements dans le secteur, de maintenir et d&rsquo;\u00e9tablir des alliances&#8230;\u00a0\u00bb<\/blockquote><\/div>[\/vc_column][\/vc_row][vc_row css=\u00a0\u00bb.vc_custom_1627472166688{margin-top: 20px !important;margin-right: 40px !important;margin-left: 30px !important;}\u00a0\u00bb][vc_column css_animation=\u00a0\u00bbnone\u00a0\u00bb width=\u00a0\u00bb1\/2&Prime;][vc_single_image image=\u00a0\u00bb28268&Prime; img_size=\u00a0\u00bbmedium\u00a0\u00bb alignment=\u00a0\u00bbcenter\u00a0\u00bb style=\u00a0\u00bbvc_box_shadow\u00a0\u00bb][\/vc_column][vc_column width=\u00a0\u00bb1\/2&Prime;][vc_single_image image=\u00a0\u00bb28271&Prime; img_size=\u00a0\u00bbmedium\u00a0\u00bb alignment=\u00a0\u00bbcenter\u00a0\u00bb style=\u00a0\u00bbvc_box_shadow\u00a0\u00bb][\/vc_column][\/vc_row][vc_row css=\u00a0\u00bb.vc_custom_1627472142277{margin-top: -20px !important;}\u00a0\u00bb][vc_column css_animation=\u00a0\u00bbnone\u00a0\u00bb][vc_column_text]<\/p>\n<p style=\"text-align: center;\"><em>S\u00e9curit\u00e9 en cas d&rsquo;incendie.<\/em><\/p>\n<p>[\/vc_column_text][\/vc_column][\/vc_row][vc_row css=\u00a0\u00bb.vc_custom_1646816168163{padding-left: 20px !important;}\u00a0\u00bb][vc_column][vc_column_text]<\/p>\n<h3>S\u00e9curit\u00e9 au travail<\/h3>\n<p>En ce qui concerne la s\u00e9curit\u00e9 au travail, notre principal point d&rsquo;int\u00e9r\u00eat chez SICUR, comme toujours, nous avons profit\u00e9 pour tenir des r\u00e9unions avec les fabricants et nos fournisseurs. Ils nous ont montr\u00e9 directement les derni\u00e8res solutions en mati\u00e8re de pr\u00e9vention des risques du travail et de sant\u00e9 au travail.<br \/>\nGr\u00e2ce \u00e0 ces rencontres, nous avons pu d\u00e9couvrir les derniers d\u00e9veloppements en mati\u00e8re de chaussures, de lunettes, de gants de protection, de harnais et d&rsquo;attaches. L&rsquo;utilisation de nouveaux et avanc\u00e9s mat\u00e9riaux dans leur fabrication et les qualit\u00e9s qu&rsquo;ils offrent.<br \/>\nNous avons \u00e9galement \u00e9valu\u00e9 les diff\u00e9rentes propositions, telles que des masques avec des niveaux \u00e9lev\u00e9s de protection professionnelle et sociale, des uniformes et des v\u00eatements de travail fabriqu\u00e9s avec des tissus durables et avec la possibilit\u00e9 de recyclage, entre autres produits.[\/vc_column_text][\/vc_column][\/vc_row][vc_row css=\u00a0\u00bb.vc_custom_1627472166688{margin-top: 20px !important;margin-right: 40px !important;margin-left: 30px !important;}\u00a0\u00bb][vc_column css_animation=\u00a0\u00bbnone\u00a0\u00bb width=\u00a0\u00bb1\/2&Prime;][vc_single_image image=\u00a0\u00bb28274&Prime; img_size=\u00a0\u00bbmedium\u00a0\u00bb alignment=\u00a0\u00bbcenter\u00a0\u00bb style=\u00a0\u00bbvc_box_shadow\u00a0\u00bb][\/vc_column][vc_column width=\u00a0\u00bb1\/2&Prime;][vc_single_image image=\u00a0\u00bb28277&Prime; img_size=\u00a0\u00bbmedium\u00a0\u00bb alignment=\u00a0\u00bbcenter\u00a0\u00bb style=\u00a0\u00bbvc_box_shadow\u00a0\u00bb][\/vc_column][\/vc_row][vc_row css=\u00a0\u00bb.vc_custom_1627472142277{margin-top: -20px !important;}\u00a0\u00bb][vc_column css_animation=\u00a0\u00bbnone\u00a0\u00bb][vc_column_text]<\/p>\n<p style=\"text-align: center;\"><em>Innovations dans les lignes de chaussures, de lunettes et l&rsquo;utilisation de nouveaux et avanc\u00e9s mat\u00e9riaux dans la fabrication.<\/em><\/p>\n<p>[\/vc_column_text][\/vc_column][\/vc_row][vc_row][vc_column][vc_column_text]Toujours, assister \u00e0 <strong>SICUR<\/strong> est une exp\u00e9rience enrichissante. Pour nos responsables techniques, ce salon offre une occasion unique de s&rsquo;informer sur les nouveaux d\u00e9veloppements du secteur, de maintenir et d&rsquo;\u00e9tablir des alliances, en maintenant toujours notre philosophie d&rsquo;offrir \u00e0 nos clients une relation de valeur qui s\u2019\u00e9tend bien au-del\u00e0 de la vente.<\/p>\n<p>Rendez-vous \u00e0 SICUR 2024 ![\/vc_column_text][\/vc_column][\/vc_row]<\/p>\n<\/div>","protected":false},"excerpt":{"rendered":"<p>Ce fut un plaisir de rencontrer \u00e0 nouveau les fournisseurs \u00e0 SICUR et d&rsquo;apprendre de premi\u00e8re main toutes les innovations, solutions et services en mati\u00e8re de pr\u00e9vention des risques, de protection des biens et des urgences ou de s\u00e9curit\u00e9 au travail&#8230;<\/p>\n","protected":false},"author":9,"featured_media":28261,"comment_status":"closed","ping_status":"closed","sticky":false,"template":"","format":"standard","meta":{"footnotes":""},"categories":[155],"tags":[],"class_list":{"0":"post-28255","1":"post","2":"type-post","3":"status-publish","4":"format-standard","5":"has-post-thumbnail","7":"category-foires"},"yoast_head":"<!-- This site is optimized with the Yoast SEO plugin v24.6 - https:\/\/yoast.com\/wordpress\/plugins\/seo\/ -->\n<title>SICUR 2022 : Le r\u00e9f\u00e9rence en s\u00e9curit\u00e9 - PERTESA<\/title>\n<meta name=\"description\" content=\"Ce fut un plaisir de rencontrer \u00e0 nouveau les fournisseurs \u00e0 SICUR et d&#039;apprendre de premi\u00e8re main toutes les innovations dans le domaine de la s\u00e9curit\u00e9 au travail.\" \/>\n<meta name=\"robots\" content=\"index, follow, max-snippet:-1, max-image-preview:large, max-video-preview:-1\" \/>\n<link rel=\"canonical\" href=\"https:\/\/pertesa.com\/sicur-2022-referente-seguridad\/\" \/>\n<meta property=\"og:locale\" content=\"fr_FR\" \/>\n<meta property=\"og:type\" content=\"article\" \/>\n<meta property=\"og:title\" content=\"SICUR 2022 : Le r\u00e9f\u00e9rence en s\u00e9curit\u00e9 - PERTESA\" \/>\n<meta property=\"og:description\" content=\"Ce fut un plaisir de rencontrer \u00e0 nouveau les fournisseurs \u00e0 SICUR et d&#039;apprendre de premi\u00e8re main toutes les innovations dans le domaine de la s\u00e9curit\u00e9 au travail.\" \/>\n<meta property=\"og:url\" content=\"https:\/\/pertesa.com\/sicur-2022-referente-seguridad\/\" \/>\n<meta property=\"og:site_name\" content=\"PERTESA\" \/>\n<meta property=\"article:published_time\" content=\"2022-03-09T10:53:20+00:00\" \/>\n<meta property=\"article:modified_time\" content=\"2022-03-10T13:28:44+00:00\" \/>\n<meta property=\"og:image\" content=\"https:\/\/pertesa.com\/wp-content\/uploads\/sicur_2022_ptda_es.jpg\" \/>\n\t<meta property=\"og:image:width\" content=\"1170\" \/>\n\t<meta property=\"og:image:height\" content=\"540\" \/>\n\t<meta property=\"og:image:type\" content=\"image\/jpeg\" \/>\n<meta name=\"author\" content=\"Pertesa\" \/>\n<meta name=\"twitter:card\" content=\"summary_large_image\" \/>\n<meta name=\"twitter:label1\" content=\"\u00c9crit par\" \/>\n\t<meta name=\"twitter:data1\" content=\"Pertesa\" \/>\n\t<meta name=\"twitter:label2\" content=\"Dur\u00e9e de lecture estim\u00e9e\" \/>\n\t<meta name=\"twitter:data2\" content=\"4 minutes\" \/>\n<script type=\"application\/ld+json\" class=\"yoast-schema-graph\">{\"@context\":\"https:\/\/schema.org\",\"@graph\":[{\"@type\":\"WebPage\",\"@id\":\"https:\/\/pertesa.com\/sicur-2022-referente-seguridad\/\",\"url\":\"https:\/\/pertesa.com\/sicur-2022-referente-seguridad\/\",\"name\":\"SICUR 2022 : Le r\u00e9f\u00e9rence en s\u00e9curit\u00e9 - PERTESA\",\"isPartOf\":{\"@id\":\"https:\/\/pertesa.com\/#website\"},\"primaryImageOfPage\":{\"@id\":\"https:\/\/pertesa.com\/sicur-2022-referente-seguridad\/#primaryimage\"},\"image\":{\"@id\":\"https:\/\/pertesa.com\/sicur-2022-referente-seguridad\/#primaryimage\"},\"thumbnailUrl\":\"https:\/\/pertesa.com\/wp-content\/uploads\/sicur_2022_ptda_es.jpg\",\"datePublished\":\"2022-03-09T10:53:20+00:00\",\"dateModified\":\"2022-03-10T13:28:44+00:00\",\"author\":{\"@id\":\"https:\/\/pertesa.com\/#\/schema\/person\/c8db58012568e8275dd0af1dfe16b0b1\"},\"description\":\"Ce fut un plaisir de rencontrer \u00e0 nouveau les fournisseurs \u00e0 SICUR et d'apprendre de premi\u00e8re main toutes les innovations dans le domaine de la s\u00e9curit\u00e9 au travail.\",\"breadcrumb\":{\"@id\":\"https:\/\/pertesa.com\/sicur-2022-referente-seguridad\/#breadcrumb\"},\"inLanguage\":\"fr-FR\",\"potentialAction\":[{\"@type\":\"ReadAction\",\"target\":[\"https:\/\/pertesa.com\/sicur-2022-referente-seguridad\/\"]}]},{\"@type\":\"ImageObject\",\"inLanguage\":\"fr-FR\",\"@id\":\"https:\/\/pertesa.com\/sicur-2022-referente-seguridad\/#primaryimage\",\"url\":\"https:\/\/pertesa.com\/wp-content\/uploads\/sicur_2022_ptda_es.jpg\",\"contentUrl\":\"https:\/\/pertesa.com\/wp-content\/uploads\/sicur_2022_ptda_es.jpg\",\"width\":1170,\"height\":540},{\"@type\":\"BreadcrumbList\",\"@id\":\"https:\/\/pertesa.com\/sicur-2022-referente-seguridad\/#breadcrumb\",\"itemListElement\":[{\"@type\":\"ListItem\",\"position\":1,\"name\":\"Portada\",\"item\":\"https:\/\/pertesa.com\/fr\/\"},{\"@type\":\"ListItem\",\"position\":2,\"name\":\"SICUR 2022 : Le r\u00e9f\u00e9rence en s\u00e9curit\u00e9\"}]},{\"@type\":\"WebSite\",\"@id\":\"https:\/\/pertesa.com\/#website\",\"url\":\"https:\/\/pertesa.com\/\",\"name\":\"PERTESA\",\"description\":\"Equipos de Protecci\u00f3n Individual para la Industria\",\"potentialAction\":[{\"@type\":\"SearchAction\",\"target\":{\"@type\":\"EntryPoint\",\"urlTemplate\":\"https:\/\/pertesa.com\/?s={search_term_string}\"},\"query-input\":{\"@type\":\"PropertyValueSpecification\",\"valueRequired\":true,\"valueName\":\"search_term_string\"}}],\"inLanguage\":\"fr-FR\"},{\"@type\":\"Person\",\"@id\":\"https:\/\/pertesa.com\/#\/schema\/person\/c8db58012568e8275dd0af1dfe16b0b1\",\"name\":\"Pertesa\"}]}<\/script>\n<!-- \/ Yoast SEO plugin. -->","yoast_head_json":{"title":"SICUR 2022 : Le r\u00e9f\u00e9rence en s\u00e9curit\u00e9 - PERTESA","description":"Ce fut un plaisir de rencontrer \u00e0 nouveau les fournisseurs \u00e0 SICUR et d'apprendre de premi\u00e8re main toutes les innovations dans le domaine de la s\u00e9curit\u00e9 au travail.","robots":{"index":"index","follow":"follow","max-snippet":"max-snippet:-1","max-image-preview":"max-image-preview:large","max-video-preview":"max-video-preview:-1"},"canonical":"https:\/\/pertesa.com\/sicur-2022-referente-seguridad\/","og_locale":"fr_FR","og_type":"article","og_title":"SICUR 2022 : Le r\u00e9f\u00e9rence en s\u00e9curit\u00e9 - PERTESA","og_description":"Ce fut un plaisir de rencontrer \u00e0 nouveau les fournisseurs \u00e0 SICUR et d'apprendre de premi\u00e8re main toutes les innovations dans le domaine de la s\u00e9curit\u00e9 au travail.","og_url":"https:\/\/pertesa.com\/sicur-2022-referente-seguridad\/","og_site_name":"PERTESA","article_published_time":"2022-03-09T10:53:20+00:00","article_modified_time":"2022-03-10T13:28:44+00:00","og_image":[{"width":1170,"height":540,"url":"https:\/\/pertesa.com\/wp-content\/uploads\/sicur_2022_ptda_es.jpg","type":"image\/jpeg"}],"author":"Pertesa","twitter_card":"summary_large_image","twitter_misc":{"\u00c9crit par":"Pertesa","Dur\u00e9e de lecture estim\u00e9e":"4 minutes"},"schema":{"@context":"https:\/\/schema.org","@graph":[{"@type":"WebPage","@id":"https:\/\/pertesa.com\/sicur-2022-referente-seguridad\/","url":"https:\/\/pertesa.com\/sicur-2022-referente-seguridad\/","name":"SICUR 2022 : Le r\u00e9f\u00e9rence en s\u00e9curit\u00e9 - PERTESA","isPartOf":{"@id":"https:\/\/pertesa.com\/#website"},"primaryImageOfPage":{"@id":"https:\/\/pertesa.com\/sicur-2022-referente-seguridad\/#primaryimage"},"image":{"@id":"https:\/\/pertesa.com\/sicur-2022-referente-seguridad\/#primaryimage"},"thumbnailUrl":"https:\/\/pertesa.com\/wp-content\/uploads\/sicur_2022_ptda_es.jpg","datePublished":"2022-03-09T10:53:20+00:00","dateModified":"2022-03-10T13:28:44+00:00","author":{"@id":"https:\/\/pertesa.com\/#\/schema\/person\/c8db58012568e8275dd0af1dfe16b0b1"},"description":"Ce fut un plaisir de rencontrer \u00e0 nouveau les fournisseurs \u00e0 SICUR et d'apprendre de premi\u00e8re main toutes les innovations dans le domaine de la s\u00e9curit\u00e9 au travail.","breadcrumb":{"@id":"https:\/\/pertesa.com\/sicur-2022-referente-seguridad\/#breadcrumb"},"inLanguage":"fr-FR","potentialAction":[{"@type":"ReadAction","target":["https:\/\/pertesa.com\/sicur-2022-referente-seguridad\/"]}]},{"@type":"ImageObject","inLanguage":"fr-FR","@id":"https:\/\/pertesa.com\/sicur-2022-referente-seguridad\/#primaryimage","url":"https:\/\/pertesa.com\/wp-content\/uploads\/sicur_2022_ptda_es.jpg","contentUrl":"https:\/\/pertesa.com\/wp-content\/uploads\/sicur_2022_ptda_es.jpg","width":1170,"height":540},{"@type":"BreadcrumbList","@id":"https:\/\/pertesa.com\/sicur-2022-referente-seguridad\/#breadcrumb","itemListElement":[{"@type":"ListItem","position":1,"name":"Portada","item":"https:\/\/pertesa.com\/fr\/"},{"@type":"ListItem","position":2,"name":"SICUR 2022 : Le r\u00e9f\u00e9rence en s\u00e9curit\u00e9"}]},{"@type":"WebSite","@id":"https:\/\/pertesa.com\/#website","url":"https:\/\/pertesa.com\/","name":"PERTESA","description":"Equipos de Protecci\u00f3n Individual para la Industria","potentialAction":[{"@type":"SearchAction","target":{"@type":"EntryPoint","urlTemplate":"https:\/\/pertesa.com\/?s={search_term_string}"},"query-input":{"@type":"PropertyValueSpecification","valueRequired":true,"valueName":"search_term_string"}}],"inLanguage":"fr-FR"},{"@type":"Person","@id":"https:\/\/pertesa.com\/#\/schema\/person\/c8db58012568e8275dd0af1dfe16b0b1","name":"Pertesa"}]}},"menu_order":0,"_links":{"self":[{"href":"https:\/\/pertesa.com\/fr\/wp-json\/wp\/v2\/posts\/28255","targetHints":{"allow":["GET"]}}],"collection":[{"href":"https:\/\/pertesa.com\/fr\/wp-json\/wp\/v2\/posts"}],"about":[{"href":"https:\/\/pertesa.com\/fr\/wp-json\/wp\/v2\/types\/post"}],"author":[{"embeddable":true,"href":"https:\/\/pertesa.com\/fr\/wp-json\/wp\/v2\/users\/9"}],"replies":[{"embeddable":true,"href":"https:\/\/pertesa.com\/fr\/wp-json\/wp\/v2\/comments?post=28255"}],"version-history":[{"count":0,"href":"https:\/\/pertesa.com\/fr\/wp-json\/wp\/v2\/posts\/28255\/revisions"}],"wp:featuredmedia":[{"embeddable":true,"href":"https:\/\/pertesa.com\/fr\/wp-json\/wp\/v2\/media\/28261"}],"wp:attachment":[{"href":"https:\/\/pertesa.com\/fr\/wp-json\/wp\/v2\/media?parent=28255"}],"wp:term":[{"taxonomy":"category","embeddable":true,"href":"https:\/\/pertesa.com\/fr\/wp-json\/wp\/v2\/categories?post=28255"},{"taxonomy":"post_tag","embeddable":true,"href":"https:\/\/pertesa.com\/fr\/wp-json\/wp\/v2\/tags?post=28255"}],"curies":[{"name":"wp","href":"https:\/\/api.w.org\/{rel}","templated":true}]}}